{"id":3614,"date":"2026-08-10T06:54:31","date_gmt":"2026-08-10T04:54:31","guid":{"rendered":"https:\/\/emmyskerzen.com\/?p=3614"},"modified":"2026-08-10T07:29:13","modified_gmt":"2026-08-10T05:29:13","slug":"handgemachte-kerzen-aus-oesterreich-warum-regional-kaufen","status":"publish","type":"post","link":"https:\/\/emmyskerzen.com\/en\/handgemachte-kerzen-aus-oesterreich-warum-regional-kaufen\/","title":{"rendered":"Handgemachte Kerzen aus \u00d6sterreich \u2013 warum regional kaufen?"},"content":{"rendered":"<p class=\"has-contrast-2-color has-text-color has-link-color wp-elements-1 wp-block-paragraph\">Kerzen schaffen W\u00e4rme, Gem\u00fctlichkeit und Atmosph\u00e4re. Sie begleiten uns durch ruhige Abende, besondere Feste und kleine Auszeiten im Alltag. Doch Kerze ist nicht gleich Kerze. Immer mehr Menschen achten darauf, <strong>wo Produkte hergestellt werden, welche Materialien verwendet werden und wer eigentlich hinter einem Produkt steht<\/strong>.<\/p>\n\n\n\n<p class=\"has-contrast-2-color has-text-color has-link-color wp-elements-2 wp-block-paragraph\">Wer sich f\u00fcr <strong>handgemachte Kerzen aus \u00d6sterreich<\/strong> entscheidet, kauft daher nicht einfach nur eine Kerze. Regional einzukaufen bedeutet auch, kleine Unternehmen und Handwerksbetriebe zu unterst\u00fctzen und sich ganz bewusst f\u00fcr Produkte zu entscheiden, die mit Zeit und Sorgfalt entstehen.<\/p>\n\n\n\n<h1 class=\"wp-block-heading has-contrast-2-color has-text-color has-link-color has-medium-font-size wp-elements-3\"><strong>Handgemachte Kerzen statt Massenproduktion<\/strong><\/h1>\n\n\n\n<p class=\"has-contrast-2-color has-text-color has-link-color wp-elements-4 wp-block-paragraph\">Bei industriell hergestellten Kerzen stehen gro\u00dfe St\u00fcckzahlen und m\u00f6glichst gleichbleibende Produkte im Vordergrund. Handgemachte Kerzen entstehen dagegen Schritt f\u00fcr Schritt.<\/p>\n\n\n\n<p class=\"has-contrast-2-color has-text-color has-link-color wp-elements-5 wp-block-paragraph\">Bei <strong>Emmys Kerzen<\/strong> fertige ich meine Kerzen selbst in \u00d6sterreich. Vom Gie\u00dfen bis zur Gestaltung entstehen viele Arbeitsschritte in Handarbeit.<\/p>\n\n\n\n<p class=\"has-contrast-2-color has-text-color has-link-color wp-elements-6 wp-block-paragraph\">Gerade bei meinen dekorierten Kerzen werden kleine Wachselemente sorgf\u00e4ltig ausgew\u00e4hlt und arrangiert. Dadurch k\u00f6nnen leichte Unterschiede entstehen \u2013 und genau das macht den Charakter eines handgemachten Produktes aus.<\/p>\n\n\n\n<p class=\"has-contrast-2-color has-text-color has-link-color wp-elements-7 wp-block-paragraph\"><strong>Jede Kerze ist ein kleines Unikat.<\/strong><\/p>\n\n\n\n<p class=\"has-contrast-2-color has-text-color has-link-color wp-elements-8 wp-block-paragraph\"><strong>Warum Kerzen aus \u00d6sterreich kaufen?<\/strong><\/p>\n\n\n\n<p class=\"has-contrast-2-color has-text-color has-link-color wp-elements-9 wp-block-paragraph\">Regional einzukaufen hat viele Vorteile. Vor allem wei\u00dft du bei einem kleinen \u00f6sterreichischen Unternehmen wesentlich besser, <strong>wer hinter dem Produkt steht und wo deine Kerze hergestellt wurde<\/strong>.<\/p>\n\n\n\n<p class=\"has-contrast-2-color has-text-color has-link-color wp-elements-10 wp-block-paragraph\">Mit dem Kauf einer handgemachten Kerze aus \u00d6sterreich unterst\u00fctzt du au\u00dferdem ein heimisches Kleinunternehmen und damit echtes Handwerk.<\/p>\n\n\n\n<p class=\"has-contrast-2-color has-text-color has-link-color wp-elements-11 wp-block-paragraph\">Statt eines anonymen Produktes aus einer riesigen Produktion erh\u00e4ltst du eine Kerze, hinter der ein Mensch steht, der sie selbst entworfen, gegossen und gestaltet hat.<\/p>\n\n\n\n<h1 class=\"wp-block-heading has-contrast-2-color has-text-color has-link-color has-medium-font-size wp-elements-12\"><strong>Kurze Wege und bewusster einkaufen<\/strong><\/h1>\n\n\n\n<p class=\"has-contrast-2-color has-text-color has-link-color wp-elements-13 wp-block-paragraph\">Auch die Herkunft eines Produktes spielt beim bewussten Einkauf eine Rolle.<\/p>\n\n\n\n<p class=\"has-contrast-2-color has-text-color has-link-color wp-elements-14 wp-block-paragraph\">Wer Produkte aus \u00d6sterreich oder aus der eigenen Region kauft, entscheidet sich h\u00e4ufig gegen unn\u00f6tig lange Wege zwischen Herstellung, Handel und K\u00e4ufer.<\/p>\n\n\n\n<p class=\"has-contrast-2-color has-text-color has-link-color wp-elements-15 wp-block-paragraph\">Nat\u00fcrlich besteht auch eine handgemachte Kerze aus Materialien, die zun\u00e4chst beschafft werden m\u00fcssen. Regional bedeutet deshalb nicht automatisch, dass jeder einzelne Bestandteil aus \u00d6sterreich stammt.<\/p>\n\n\n\n<p class=\"has-contrast-2-color has-text-color has-link-color wp-elements-16 wp-block-paragraph\">Was aber regional ist: <strong>die Herstellung und die Verarbeitung und des fertigen Produktes.<\/strong><\/p>\n\n\n\n<h1 class=\"wp-block-heading has-contrast-2-color has-text-color has-link-color has-medium-font-size wp-elements-17\"><strong>100%<\/strong> <strong>Sojawachs<\/strong><\/h1>\n\n\n\n<p class=\"has-contrast-2-color has-text-color has-link-color wp-elements-18 wp-block-paragraph\">F\u00fcr meine Kerzen verwende ich <strong>100 % Sojawachs<\/strong>.<\/p>\n\n\n\n<p class=\"has-contrast-2-color has-text-color has-link-color wp-elements-19 wp-block-paragraph\">Sojawachs ist pflanzlichen Ursprungs und bietet mir gleichzeitig viele M\u00f6glichkeiten bei der Gestaltung meiner Kerzen \u2013 von schlichten Duft- und Dekokerzen bis zu aufwendig gearbeiteten Wachselementen.<\/p>\n\n\n\n<p class=\"has-contrast-2-color has-text-color has-link-color wp-elements-20 wp-block-paragraph\">Viele meiner Kerzen werden zus\u00e4tzlich mit kleinen Figuren, Blumen, Herzen oder saisonalen Elementen aus Wachs dekoriert.<\/p>\n\n\n\n<p class=\"has-contrast-2-color has-text-color has-link-color wp-elements-21 wp-block-paragraph\">Dabei entstehen Produkte, die nicht nur beim Abbrennen Freude machen, sondern schon vorher als besondere Dekoration wirken.<\/p>\n\n\n\n<h1 class=\"wp-block-heading has-contrast-2-color has-text-color has-link-color has-medium-font-size wp-elements-22\"><strong>Pers\u00f6nliche Kerzen f\u00fcr besondere Momente<\/strong><\/h1>\n\n\n\n<p class=\"has-contrast-2-color has-text-color has-link-color wp-elements-23 wp-block-paragraph\">Ein weiterer Vorteil kleiner Manufakturen ist die M\u00f6glichkeit zur Individualisierung.<br>Nicht jede besondere Gelegenheit l\u00e4sst sich mit einem Produkt von der Stange ausdr\u00fccken.<br>Deshalb entstehen bei Emmys Kerzen auch <strong>personalisierte Kerzen nach Wunsch<\/strong> \u2013 beispielsweise f\u00fcr:<br>Taufe, Erstkommunion oder Firmung, Hochzeit, Geburt oder Geburtstag, Trauer und Tiertrauer sowie viele andere besondere Erinnerungen und Anl\u00e4sse.<br>Farben, Namen, Daten und verschiedene Gestaltungselemente k\u00f6nnen je nach Kerze individuell abgestimmt werden.<br>So entsteht aus einer Kerze ein pers\u00f6nliches Erinnerungsst\u00fcck.<\/p>\n\n\n\n<h1 class=\"wp-block-heading has-contrast-2-color has-text-color has-link-color has-medium-font-size wp-elements-24\"><strong>Regional kaufen bedeutet auch pers\u00f6nlichen Kontakt<\/strong><\/h1>\n\n\n\n<p class=\"has-contrast-2-color has-text-color has-link-color wp-elements-25 wp-block-paragraph\">Hinter einem kleinen Onlineshop steckt kein anonymer Gro\u00dfkonzern.<\/p>\n\n\n\n<p class=\"has-contrast-2-color has-text-color has-link-color wp-elements-26 wp-block-paragraph\">Wenn du bei Emmys Kerzen bestellst oder eine individuelle Kerze anfragst, landet deine Nachricht direkt bei mir.<\/p>\n\n\n\n<p class=\"has-contrast-2-color has-text-color has-link-color wp-elements-27 wp-block-paragraph\">Gerade bei personalisierten Kerzen ist mir dieser pers\u00f6nliche Austausch besonders wichtig. Denn manchmal gibt es eine ganz bestimmte Vorstellung, eine besondere Farbkombination oder eine Geschichte, die hinter einer Kerze steckt.<\/p>\n\n\n\n<p class=\"has-contrast-2-color has-text-color has-link-color wp-elements-28 wp-block-paragraph\">Diese W\u00fcnsche k\u00f6nnen bei handgefertigten Produkten viel st\u00e4rker ber\u00fccksichtigt werden.<\/p>\n\n\n\n<h1 class=\"wp-block-heading has-contrast-2-color has-text-color has-link-color has-medium-font-size wp-elements-29\"><strong>Kleine Unternehmen aus \u00d6sterreich unterst\u00fctzen<\/strong><\/h1>\n\n\n\n<p class=\"has-contrast-2-color has-text-color has-link-color wp-elements-30 wp-block-paragraph\">Mit jedem Einkauf entscheidest du mit, welche Unternehmen und welche Form von Handel du unterst\u00fctzt.<\/p>\n\n\n\n<p class=\"has-contrast-2-color has-text-color has-link-color wp-elements-31 wp-block-paragraph\">Wer <strong>regional und handgemacht<\/strong> kauft, unterst\u00fctzt Menschen, die ihre Produkte selbst entwickeln, herstellen, fotografieren, verpacken und verkaufen.<\/p>\n\n\n\n<p class=\"has-contrast-2-color has-text-color has-link-color wp-elements-32 wp-block-paragraph\">F\u00fcr kleine Unternehmen macht jede einzelne Bestellung einen Unterschied.<\/p>\n\n\n\n<p class=\"has-contrast-2-color has-text-color has-link-color wp-elements-33 wp-block-paragraph\">Und f\u00fcr dich bedeutet das: Du erh\u00e4ltst kein beliebiges Massenprodukt, sondern etwas, das mit viel Zeit und Sorgfalt entstanden ist.<\/p>\n\n\n\n<h1 class=\"wp-block-heading has-contrast-2-color has-text-color has-link-color has-medium-font-size wp-elements-34\"><strong>Handgemachte Kerzen aus \u00d6sterreich von Emmys Kerzen<\/strong><\/h1>\n\n\n\n<p class=\"has-contrast-2-color has-text-color has-link-color wp-elements-35 wp-block-paragraph\">Bei Emmys Kerzen findest du <strong>handgemachte Kerzen aus 100 % Sojawachs<\/strong>, die ich in \u00d6sterreich selbst fertige.<\/p>\n\n\n\n<p class=\"has-contrast-2-color has-text-color has-link-color wp-elements-36 wp-block-paragraph\">Von saisonalen Herbst-, Halloween- und Weihnachtskerzen \u00fcber Geschenkkerzen bis hin zu individuell gestalteten Kerzen f\u00fcr besondere Lebensmomente entstehen meine Kerzen mit viel Liebe zum Detail.<\/p>\n\n\n\n<p class=\"has-contrast-2-color has-text-color has-link-color wp-elements-37 wp-block-paragraph\">Wenn du also das n\u00e4chste Mal nach einer besonderen Kerze oder einem Geschenk suchst, lohnt es sich, auch einen Blick auf kleine \u00f6sterreichische Manufakturen zu werfen.<\/p>\n\n\n\n<p class=\"has-contrast-2-color has-text-color has-link-color wp-elements-38 wp-block-paragraph\">Denn manchmal steckt hinter einer Kerze viel mehr als nur Wachs und ein Docht. <\/p>\n\n\n\n<p class=\"has-text-align-center has-contrast-2-color has-base-2-background-color has-text-color has-background has-link-color wp-elements-39 wp-block-paragraph\"><strong>Entdecke meine handgemachten Kerzen aus \u00d6sterreich <a href=\"https:\/\/emmyskerzen.com\/en\/shop\/\" data-type=\"page\" data-id=\"332\">im Onlineshop von Emmys Kerzen.<\/a><\/strong><\/p>\n\n\n\n<p class=\"has-text-align-center has-contrast-2-color has-base-2-background-color has-text-color has-background has-link-color has-medium-font-size wp-elements-40 wp-block-paragraph\"><a href=\"https:\/\/emmyskerzen.com\/en\/personalisierte-kerzen-oesterreich-handgemacht-emmys-kerzen\/\" data-type=\"page\" data-id=\"1369\">Personalisiere deine Kerze <\/a><\/p>\n\n\n\n<p class=\"has-text-align-center has-contrast-2-color has-base-2-background-color has-text-color has-background has-link-color wp-elements-41 wp-block-paragraph\"><a href=\"https:\/\/emmyskerzen.com\/en\/geschenkkerzen-und-anlasskerzen\/\" data-type=\"page\" data-id=\"3178\">Geschenkkerzen<\/a> <\/p>\n\n\n\n<p class=\"wp-block-paragraph\"><\/p>","protected":false},"excerpt":{"rendered":"<p>Kerzen schaffen W\u00e4rme, Gem\u00fctlichkeit und Atmosph\u00e4re. Sie begleiten uns durch ruhige Abende, besondere Feste und kleine Auszeiten im Alltag. Doch Kerze ist nicht gleich Kerze. Immer mehr Menschen achten darauf, wo Produkte hergestellt werden, welche Materialien verwendet werden und wer eigentlich hinter einem Produkt steht. Wer sich f\u00fcr handgemachte Kerzen aus \u00d6sterreich entscheidet, kauft daher [&hellip;]<\/p>\n","protected":false},"author":1,"featured_media":0,"comment_status":"open","ping_status":"closed","sticky":false,"template":"","format":"standard","meta":{"footnotes":""},"categories":[1],"tags":[],"class_list":["post-3614","post","type-post","status-publish","format-standard","hentry","category-allgemein"],"yoast_head":"<!-- This site is optimized with the Yoast SEO plugin v28.4 - https:\/\/yoast.com\/product\/yoast-seo-wordpress\/ -->\n<title>Handgemachte Kerzen aus \u00d6sterreich \u2013 warum regional kaufen? - Emmys Kerzen<\/title>\n<meta name=\"description\" content=\"Handgemachte Kerzen aus \u00d6sterreich kaufen? Erfahre mehr \u00fcber regionale Herstellung, echtes Handwerk und die Vorteile kleiner Manufakturen.\" \/>\n<meta name=\"robots\" content=\"index, follow, max-snippet:-1, max-image-preview:large, max-video-preview:-1\" \/>\n<link rel=\"canonical\" href=\"https:\/\/emmyskerzen.com\/en\/handgemachte-kerzen-aus-oesterreich-warum-regional-kaufen\/\" \/>\n<meta property=\"og:locale\" content=\"en_GB\" \/>\n<meta property=\"og:type\" content=\"article\" \/>\n<meta property=\"og:title\" content=\"Handgemachte Kerzen aus \u00d6sterreich \u2013 warum regional kaufen? - Emmys Kerzen\" \/>\n<meta property=\"og:description\" content=\"Handgemachte Kerzen aus \u00d6sterreich kaufen? Erfahre mehr \u00fcber regionale Herstellung, echtes Handwerk und die Vorteile kleiner Manufakturen.\" \/>\n<meta property=\"og:url\" content=\"https:\/\/emmyskerzen.com\/en\/handgemachte-kerzen-aus-oesterreich-warum-regional-kaufen\/\" \/>\n<meta property=\"og:site_name\" content=\"Emmys Kerzen\" \/>\n<meta property=\"article:publisher\" content=\"https:\/\/www.facebook.com\/EmmysKerzen\/\" \/>\n<meta property=\"article:published_time\" content=\"2026-08-10T04:54:31+00:00\" \/>\n<meta property=\"article:modified_time\" content=\"2026-08-10T05:29:13+00:00\" \/>\n<meta name=\"author\" content=\"Emmys Kerzen\" \/>\n<meta name=\"twitter:card\" content=\"summary_large_image\" \/>\n<meta name=\"twitter:label1\" content=\"Written by\" \/>\n\t<meta name=\"twitter:data1\" content=\"Emmys Kerzen\" \/>\n\t<meta name=\"twitter:label2\" content=\"Estimated reading time\" \/>\n\t<meta name=\"twitter:data2\" content=\"4 minutes\" \/>\n<script type=\"application\/ld+json\" class=\"yoast-schema-graph\">{\"@context\":\"https:\\\/\\\/schema.org\",\"@graph\":[{\"@type\":\"Article\",\"@id\":\"https:\\\/\\\/emmyskerzen.com\\\/handgemachte-kerzen-aus-oesterreich-warum-regional-kaufen\\\/#article\",\"isPartOf\":{\"@id\":\"https:\\\/\\\/emmyskerzen.com\\\/handgemachte-kerzen-aus-oesterreich-warum-regional-kaufen\\\/\"},\"author\":{\"name\":\"Emmys Kerzen\",\"@id\":\"https:\\\/\\\/emmyskerzen.com\\\/#\\\/schema\\\/person\\\/89dc1bf215e491530f2de1206e9291ad\"},\"headline\":\"Handgemachte Kerzen aus \u00d6sterreich \u2013 warum regional kaufen?\",\"datePublished\":\"2026-08-10T04:54:31+00:00\",\"dateModified\":\"2026-08-10T05:29:13+00:00\",\"mainEntityOfPage\":{\"@id\":\"https:\\\/\\\/emmyskerzen.com\\\/handgemachte-kerzen-aus-oesterreich-warum-regional-kaufen\\\/\"},\"wordCount\":754,\"commentCount\":0,\"publisher\":{\"@id\":\"https:\\\/\\\/emmyskerzen.com\\\/#organization\"},\"articleSection\":[\"Allgemein\"],\"inLanguage\":\"en-GB\",\"potentialAction\":[{\"@type\":\"CommentAction\",\"name\":\"Comment\",\"target\":[\"https:\\\/\\\/emmyskerzen.com\\\/handgemachte-kerzen-aus-oesterreich-warum-regional-kaufen\\\/#respond\"]}]},{\"@type\":\"WebPage\",\"@id\":\"https:\\\/\\\/emmyskerzen.com\\\/handgemachte-kerzen-aus-oesterreich-warum-regional-kaufen\\\/\",\"url\":\"https:\\\/\\\/emmyskerzen.com\\\/handgemachte-kerzen-aus-oesterreich-warum-regional-kaufen\\\/\",\"name\":\"Handgemachte Kerzen aus \u00d6sterreich \u2013 warum regional kaufen? - Emmys Kerzen\",\"isPartOf\":{\"@id\":\"https:\\\/\\\/emmyskerzen.com\\\/#website\"},\"datePublished\":\"2026-08-10T04:54:31+00:00\",\"dateModified\":\"2026-08-10T05:29:13+00:00\",\"description\":\"Handgemachte Kerzen aus \u00d6sterreich kaufen? Erfahre mehr \u00fcber regionale Herstellung, echtes Handwerk und die Vorteile kleiner Manufakturen.\",\"breadcrumb\":{\"@id\":\"https:\\\/\\\/emmyskerzen.com\\\/handgemachte-kerzen-aus-oesterreich-warum-regional-kaufen\\\/#breadcrumb\"},\"inLanguage\":\"en-GB\",\"potentialAction\":[{\"@type\":\"ReadAction\",\"target\":[\"https:\\\/\\\/emmyskerzen.com\\\/handgemachte-kerzen-aus-oesterreich-warum-regional-kaufen\\\/\"]}]},{\"@type\":\"BreadcrumbList\",\"@id\":\"https:\\\/\\\/emmyskerzen.com\\\/handgemachte-kerzen-aus-oesterreich-warum-regional-kaufen\\\/#breadcrumb\",\"itemListElement\":[{\"@type\":\"ListItem\",\"position\":1,\"name\":\"Startseite\",\"item\":\"https:\\\/\\\/emmyskerzen.com\\\/\"},{\"@type\":\"ListItem\",\"position\":2,\"name\":\"Handgemachte Kerzen aus \u00d6sterreich \u2013 warum regional kaufen?\"}]},{\"@type\":\"WebSite\",\"@id\":\"https:\\\/\\\/emmyskerzen.com\\\/#website\",\"url\":\"https:\\\/\\\/emmyskerzen.com\\\/\",\"name\":\"Emmys Kerzen\",\"description\":\"Hochwertige handgemachte Kerzen aus \u00d6sterreich \u2013 perfekt als Geschenk oder f\u00fcr dein Zuhause. Jetzt entdecken!\",\"publisher\":{\"@id\":\"https:\\\/\\\/emmyskerzen.com\\\/#organization\"},\"potentialAction\":[{\"@type\":\"SearchAction\",\"target\":{\"@type\":\"EntryPoint\",\"urlTemplate\":\"https:\\\/\\\/emmyskerzen.com\\\/?s={search_term_string}\"},\"query-input\":{\"@type\":\"PropertyValueSpecification\",\"valueRequired\":true,\"valueName\":\"search_term_string\"}}],\"inLanguage\":\"en-GB\"},{\"@type\":\"Organization\",\"@id\":\"https:\\\/\\\/emmyskerzen.com\\\/#organization\",\"name\":\"Emmys Kerzen\",\"url\":\"https:\\\/\\\/emmyskerzen.com\\\/\",\"logo\":{\"@type\":\"ImageObject\",\"inLanguage\":\"en-GB\",\"@id\":\"https:\\\/\\\/emmyskerzen.com\\\/#\\\/schema\\\/logo\\\/image\\\/\",\"url\":\"https:\\\/\\\/emmyskerzen.com\\\/wp-content\\\/uploads\\\/2026\\\/03\\\/IMG_0392.jpeg\",\"contentUrl\":\"https:\\\/\\\/emmyskerzen.com\\\/wp-content\\\/uploads\\\/2026\\\/03\\\/IMG_0392.jpeg\",\"width\":964,\"height\":975,\"caption\":\"Emmys Kerzen\"},\"image\":{\"@id\":\"https:\\\/\\\/emmyskerzen.com\\\/#\\\/schema\\\/logo\\\/image\\\/\"},\"sameAs\":[\"https:\\\/\\\/www.facebook.com\\\/EmmysKerzen\\\/\",\"https:\\\/\\\/www.instagram.com\\\/emmys_kerzen\\\/\",\"https:\\\/\\\/www.tiktok.com\\\/emmys.kerzen\\\/\"]},{\"@type\":\"Person\",\"@id\":\"https:\\\/\\\/emmyskerzen.com\\\/#\\\/schema\\\/person\\\/89dc1bf215e491530f2de1206e9291ad\",\"name\":\"Emmys Kerzen\"}]}<\/script>\n<!-- \/ Yoast SEO plugin. -->","yoast_head_json":{"title":"Handgemachte Kerzen aus \u00d6sterreich \u2013 warum regional kaufen? - Emmys Kerzen","description":"Handgemachte Kerzen aus \u00d6sterreich kaufen? Erfahre mehr \u00fcber regionale Herstellung, echtes Handwerk und die Vorteile kleiner Manufakturen.","robots":{"index":"index","follow":"follow","max-snippet":"max-snippet:-1","max-image-preview":"max-image-preview:large","max-video-preview":"max-video-preview:-1"},"canonical":"https:\/\/emmyskerzen.com\/en\/handgemachte-kerzen-aus-oesterreich-warum-regional-kaufen\/","og_locale":"en_GB","og_type":"article","og_title":"Handgemachte Kerzen aus \u00d6sterreich \u2013 warum regional kaufen? - Emmys Kerzen","og_description":"Handgemachte Kerzen aus \u00d6sterreich kaufen? Erfahre mehr \u00fcber regionale Herstellung, echtes Handwerk und die Vorteile kleiner Manufakturen.","og_url":"https:\/\/emmyskerzen.com\/en\/handgemachte-kerzen-aus-oesterreich-warum-regional-kaufen\/","og_site_name":"Emmys Kerzen","article_publisher":"https:\/\/www.facebook.com\/EmmysKerzen\/","article_published_time":"2026-08-10T04:54:31+00:00","article_modified_time":"2026-08-10T05:29:13+00:00","author":"Emmys Kerzen","twitter_card":"summary_large_image","twitter_misc":{"Written by":"Emmys Kerzen","Estimated reading time":"4 minutes"},"schema":{"@context":"https:\/\/schema.org","@graph":[{"@type":"Article","@id":"https:\/\/emmyskerzen.com\/handgemachte-kerzen-aus-oesterreich-warum-regional-kaufen\/#article","isPartOf":{"@id":"https:\/\/emmyskerzen.com\/handgemachte-kerzen-aus-oesterreich-warum-regional-kaufen\/"},"author":{"name":"Emmys Kerzen","@id":"https:\/\/emmyskerzen.com\/#\/schema\/person\/89dc1bf215e491530f2de1206e9291ad"},"headline":"Handgemachte Kerzen aus \u00d6sterreich \u2013 warum regional kaufen?","datePublished":"2026-08-10T04:54:31+00:00","dateModified":"2026-08-10T05:29:13+00:00","mainEntityOfPage":{"@id":"https:\/\/emmyskerzen.com\/handgemachte-kerzen-aus-oesterreich-warum-regional-kaufen\/"},"wordCount":754,"commentCount":0,"publisher":{"@id":"https:\/\/emmyskerzen.com\/#organization"},"articleSection":["Allgemein"],"inLanguage":"en-GB","potentialAction":[{"@type":"CommentAction","name":"Comment","target":["https:\/\/emmyskerzen.com\/handgemachte-kerzen-aus-oesterreich-warum-regional-kaufen\/#respond"]}]},{"@type":"WebPage","@id":"https:\/\/emmyskerzen.com\/handgemachte-kerzen-aus-oesterreich-warum-regional-kaufen\/","url":"https:\/\/emmyskerzen.com\/handgemachte-kerzen-aus-oesterreich-warum-regional-kaufen\/","name":"Handgemachte Kerzen aus \u00d6sterreich \u2013 warum regional kaufen? - Emmys Kerzen","isPartOf":{"@id":"https:\/\/emmyskerzen.com\/#website"},"datePublished":"2026-08-10T04:54:31+00:00","dateModified":"2026-08-10T05:29:13+00:00","description":"Handgemachte Kerzen aus \u00d6sterreich kaufen? Erfahre mehr \u00fcber regionale Herstellung, echtes Handwerk und die Vorteile kleiner Manufakturen.","breadcrumb":{"@id":"https:\/\/emmyskerzen.com\/handgemachte-kerzen-aus-oesterreich-warum-regional-kaufen\/#breadcrumb"},"inLanguage":"en-GB","potentialAction":[{"@type":"ReadAction","target":["https:\/\/emmyskerzen.com\/handgemachte-kerzen-aus-oesterreich-warum-regional-kaufen\/"]}]},{"@type":"BreadcrumbList","@id":"https:\/\/emmyskerzen.com\/handgemachte-kerzen-aus-oesterreich-warum-regional-kaufen\/#breadcrumb","itemListElement":[{"@type":"ListItem","position":1,"name":"Startseite","item":"https:\/\/emmyskerzen.com\/"},{"@type":"ListItem","position":2,"name":"Handgemachte Kerzen aus \u00d6sterreich \u2013 warum regional kaufen?"}]},{"@type":"WebSite","@id":"https:\/\/emmyskerzen.com\/#website","url":"https:\/\/emmyskerzen.com\/","name":"Emmys Kerzen","description":"Hochwertige handgemachte Kerzen aus \u00d6sterreich \u2013 perfekt als Geschenk oder f\u00fcr dein Zuhause. Jetzt entdecken!","publisher":{"@id":"https:\/\/emmyskerzen.com\/#organization"},"potentialAction":[{"@type":"SearchAction","target":{"@type":"EntryPoint","urlTemplate":"https:\/\/emmyskerzen.com\/?s={search_term_string}"},"query-input":{"@type":"PropertyValueSpecification","valueRequired":true,"valueName":"search_term_string"}}],"inLanguage":"en-GB"},{"@type":"Organization","@id":"https:\/\/emmyskerzen.com\/#organization","name":"Emmys Kerzen","url":"https:\/\/emmyskerzen.com\/","logo":{"@type":"ImageObject","inLanguage":"en-GB","@id":"https:\/\/emmyskerzen.com\/#\/schema\/logo\/image\/","url":"https:\/\/emmyskerzen.com\/wp-content\/uploads\/2026\/03\/IMG_0392.jpeg","contentUrl":"https:\/\/emmyskerzen.com\/wp-content\/uploads\/2026\/03\/IMG_0392.jpeg","width":964,"height":975,"caption":"Emmys Kerzen"},"image":{"@id":"https:\/\/emmyskerzen.com\/#\/schema\/logo\/image\/"},"sameAs":["https:\/\/www.facebook.com\/EmmysKerzen\/","https:\/\/www.instagram.com\/emmys_kerzen\/","https:\/\/www.tiktok.com\/emmys.kerzen\/"]},{"@type":"Person","@id":"https:\/\/emmyskerzen.com\/#\/schema\/person\/89dc1bf215e491530f2de1206e9291ad","name":"Emmys Kerzen"}]}},"_links":{"self":[{"href":"https:\/\/emmyskerzen.com\/en\/wp-json\/wp\/v2\/posts\/3614","targetHints":{"allow":["GET"]}}],"collection":[{"href":"https:\/\/emmyskerzen.com\/en\/wp-json\/wp\/v2\/posts"}],"about":[{"href":"https:\/\/emmyskerzen.com\/en\/wp-json\/wp\/v2\/types\/post"}],"author":[{"embeddable":true,"href":"https:\/\/emmyskerzen.com\/en\/wp-json\/wp\/v2\/users\/1"}],"replies":[{"embeddable":true,"href":"https:\/\/emmyskerzen.com\/en\/wp-json\/wp\/v2\/comments?post=3614"}],"version-history":[{"count":4,"href":"https:\/\/emmyskerzen.com\/en\/wp-json\/wp\/v2\/posts\/3614\/revisions"}],"predecessor-version":[{"id":3620,"href":"https:\/\/emmyskerzen.com\/en\/wp-json\/wp\/v2\/posts\/3614\/revisions\/3620"}],"wp:attachment":[{"href":"https:\/\/emmyskerzen.com\/en\/wp-json\/wp\/v2\/media?parent=3614"}],"wp:term":[{"taxonomy":"category","embeddable":true,"href":"https:\/\/emmyskerzen.com\/en\/wp-json\/wp\/v2\/categories?post=3614"},{"taxonomy":"post_tag","embeddable":true,"href":"https:\/\/emmyskerzen.com\/en\/wp-json\/wp\/v2\/tags?post=3614"}],"curies":[{"name":"wp","href":"https:\/\/api.w.org\/{rel}","templated":true}]}}