{"id":3584,"date":"2026-08-07T15:44:33","date_gmt":"2026-08-07T13:44:33","guid":{"rendered":"https:\/\/emmyskerzen.com\/?p=3584"},"modified":"2026-08-07T15:45:25","modified_gmt":"2026-08-07T13:45:25","slug":"herbstdeko-mit-herbstkerzen","status":"publish","type":"post","link":"https:\/\/emmyskerzen.com\/en\/herbstdeko-mit-herbstkerzen\/","title":{"rendered":"Herbstdeko mit Herbstkerzen von Emmys Kerzen \ud83c\udf41"},"content":{"rendered":"<p class=\"has-contrast-2-color has-text-color has-link-color wp-elements-1 wp-block-paragraph\">Wenn die Tage wieder k\u00fcrzer werden, drau\u00dfen die ersten Bl\u00e4tter fallen und es zuhause langsam gem\u00fctlicher wird, beginnt f\u00fcr viele die sch\u00f6nste Zeit zum Dekorieren. <strong>Herbstkerzen<\/strong> sorgen dabei nicht nur f\u00fcr warmes Licht, sondern sind auch eine wundersch\u00f6ne Erg\u00e4nzung zur herbstlichen Dekoration.<\/p>\n\n\n\n<p class=\"has-contrast-2-color has-text-color has-link-color wp-elements-2 wp-block-paragraph\">Bei <strong>Emmys Kerzen<\/strong> findest du handgemachte Herbstkerzen aus Sojawachs, die Gem\u00fctlichkeit, W\u00e4rme und herbstliche Stimmung in dein Zuhause bringen.<\/p>\n\n\n\n<h1 class=\"wp-block-heading has-contrast-2-color has-text-color has-link-color has-medium-font-size wp-elements-3\"><strong>Herbstliche Stimmung f\u00fcr dein Zuhause<\/strong><\/h1>\n\n\n\n<p class=\"has-contrast-2-color has-text-color has-link-color wp-elements-4 wp-block-paragraph\">Herbstdeko muss nicht aufwendig sein. Oft reichen schon wenige liebevoll ausgew\u00e4hlte Details, um einen Raum sofort gem\u00fctlicher wirken zu lassen. Kerzen passen dabei besonders sch\u00f6n zu nat\u00fcrlichen Materialien wie Holz, Leinen, Trockenblumen, K\u00fcrbissen oder warmen Erdt\u00f6nen.<\/p>\n\n\n\n<p class=\"has-contrast-2-color has-text-color has-link-color wp-elements-5 wp-block-paragraph\">Eine dekorative Herbstkerze kann dabei selbst zum Blickfang werden \u2013 auf dem Esstisch, im Wohnzimmer, auf einem Regal oder als kleines Highlight auf einem herbstlich gedeckten Tisch.<\/p>\n\n\n\n<h1 class=\"wp-block-heading has-contrast-2-color has-text-color has-link-color has-medium-font-size wp-elements-6\"><strong>Herbstkerzen f\u00fcr gem\u00fctliche Stunden<\/strong><\/h1>\n\n\n\n<p class=\"has-contrast-2-color has-text-color has-link-color wp-elements-7 wp-block-paragraph\">Gerade an k\u00fchleren Abenden geh\u00f6rt Kerzenlicht f\u00fcr mich einfach zum Herbst dazu. Das sanfte Licht schafft eine ruhige Atmosph\u00e4re und macht aus einem gew\u00f6hnlichen Abend schnell einen kleinen Wohlf\u00fchlmoment.<\/p>\n\n\n\n<p class=\"has-contrast-2-color has-text-color has-link-color has-medium-font-size wp-elements-8 wp-block-paragraph\">Ob beim Lesen, bei einer Tasse Tee, einem gem\u00fctlichen Abend auf der Couch oder beim gemeinsamen Essen \u2013 <strong>Herbstkerzen schaffen eine warme und behagliche Stimmung<\/strong>.<\/p>\n\n\n\n<p class=\"has-contrast-2-color has-text-color has-link-color has-medium-font-size wp-elements-9 wp-block-paragraph\"><strong>Auch als Geschenk eine sch\u00f6ne Idee<\/strong><\/p>\n\n\n\n<p class=\"has-contrast-2-color has-text-color has-link-color has-medium-font-size wp-elements-10 wp-block-paragraph\">Herbstkerzen eignen sich auch wunderbar als kleines Geschenk oder Mitbringsel. Sie passen zum Geburtstag, als Dankesch\u00f6n, zur Einladung bei Freunden oder einfach als kleine Aufmerksamkeit f\u00fcr einen lieben Menschen.<\/p>\n\n\n\n<p class=\"has-contrast-2-color has-text-color has-link-color has-medium-font-size wp-elements-11 wp-block-paragraph\">Besonders pers\u00f6nlich wird es, wenn du dir bei Emmys Kerzen eine <strong>individuelle Wunschkerze<\/strong> gestalten l\u00e4sst. Farben, Stil und Gestaltung k\u00f6nnen dabei passend zum Anlass oder zur gew\u00fcnschten Herbststimmung gew\u00e4hlt werden.<\/p>\n\n\n\n<h1 class=\"wp-block-heading has-contrast-2-color has-text-color has-link-color has-medium-font-size wp-elements-12\"><strong>Handgemacht aus Sojawachs<\/strong><\/h1>\n\n\n\n<p class=\"has-contrast-2-color has-text-color has-link-color wp-elements-13 wp-block-paragraph\">Meine Kerzen werden von mir in \u00d6sterreich von Hand gefertigt. Dabei lege ich gro\u00dfen Wert auf eine liebevolle Gestaltung und hochwertige Materialien.<\/p>\n\n\n\n<p class=\"has-contrast-2-color has-text-color has-link-color wp-elements-14 wp-block-paragraph\">F\u00fcr meine Kerzen verwende ich <strong>100 % Sojawachs<\/strong>. Jede Kerze entsteht in Handarbeit und ist daher ein kleines Unikat.<\/p>\n\n\n\n<h1 class=\"wp-block-heading has-contrast-2-color has-text-color has-link-color has-medium-font-size wp-elements-15\"><strong>Herbstdeko mit Pers\u00f6nlichkeit<\/strong><\/h1>\n\n\n\n<p class=\"has-contrast-2-color has-text-color has-link-color wp-elements-16 wp-block-paragraph\">F\u00fcr mich soll Herbstdeko nicht einfach nur sch\u00f6n aussehen. Sie soll ein Gef\u00fchl vermitteln: W\u00e4rme, Ruhe und Gem\u00fctlichkeit.<\/p>\n\n\n\n<p class=\"has-contrast-2-color has-text-color has-link-color wp-elements-17 wp-block-paragraph\">Genau daf\u00fcr entstehen meine Herbstkerzen \u2013 als kleines Detail, das dein Zuhause ein wenig besonderer macht.<\/p>\n\n\n\n<p class=\"has-text-align-center has-contrast-2-color has-text-color has-link-color has-medium-font-size wp-elements-18 wp-block-paragraph\"><strong>Entdecke jetzt die Herbstkerzen von Emmys Kerzen oder lass dir deine pers\u00f6nliche Wunschkerze f\u00fcr den Herbst gestalten.<\/strong><br><\/p>\n\n\n\n<div class=\"wp-block-buttons is-content-justification-center is-layout-flex wp-container-core-buttons-is-layout-0aa01211 wp-block-buttons-is-layout-flex\">\n<div class=\"wp-block-button has-custom-width wp-block-button__width-75\"><a class=\"wp-block-button__link has-contrast-2-color has-base-2-background-color has-text-color has-background has-link-color has-large-font-size has-custom-font-size wp-element-button\" href=\"https:\/\/emmyskerzen.com\/en\/shop\/\">Shop now <\/a><\/div>\n<\/div>\n\n\n\n<p class=\"has-contrast-2-color has-text-color has-link-color wp-elements-19 wp-block-paragraph\"><br><br><\/p>\n\n\n\n<p class=\"wp-block-paragraph\"><\/p>","protected":false},"excerpt":{"rendered":"<p>Wenn die Tage wieder k\u00fcrzer werden, drau\u00dfen die ersten Bl\u00e4tter fallen und es zuhause langsam gem\u00fctlicher wird, beginnt f\u00fcr viele die sch\u00f6nste Zeit zum Dekorieren. Herbstkerzen sorgen dabei nicht nur f\u00fcr warmes Licht, sondern sind auch eine wundersch\u00f6ne Erg\u00e4nzung zur herbstlichen Dekoration. Bei Emmys Kerzen findest du handgemachte Herbstkerzen aus Sojawachs, die Gem\u00fctlichkeit, W\u00e4rme und [&hellip;]<\/p>\n","protected":false},"author":1,"featured_media":3416,"comment_status":"open","ping_status":"closed","sticky":false,"template":"","format":"standard","meta":{"footnotes":""},"categories":[1],"tags":[],"class_list":["post-3584","post","type-post","status-publish","format-standard","has-post-thumbnail","hentry","category-allgemein"],"yoast_head":"<!-- This site is optimized with the Yoast SEO plugin v28.4 - https:\/\/yoast.com\/product\/yoast-seo-wordpress\/ -->\n<title>Herbstdeko mit Herbstkerzen von Emmys Kerzen \ud83c\udf41 - Emmys Kerzen<\/title>\n<meta name=\"description\" content=\"Entdecke handgemachte Herbstkerzen aus Sojawachs von Emmys Kerzen. Perfekt f\u00fcr gem\u00fctliche Herbstdeko oder als liebevolles Geschenk.\" \/>\n<meta name=\"robots\" content=\"index, follow, max-snippet:-1, max-image-preview:large, max-video-preview:-1\" \/>\n<link rel=\"canonical\" href=\"https:\/\/emmyskerzen.com\/en\/herbstdeko-mit-herbstkerzen\/\" \/>\n<meta property=\"og:locale\" content=\"en_GB\" \/>\n<meta property=\"og:type\" content=\"article\" \/>\n<meta property=\"og:title\" content=\"Herbstdeko mit Herbstkerzen von Emmys Kerzen \ud83c\udf41 - Emmys Kerzen\" \/>\n<meta property=\"og:description\" content=\"Entdecke handgemachte Herbstkerzen aus Sojawachs von Emmys Kerzen. Perfekt f\u00fcr gem\u00fctliche Herbstdeko oder als liebevolles Geschenk.\" \/>\n<meta property=\"og:url\" content=\"https:\/\/emmyskerzen.com\/en\/herbstdeko-mit-herbstkerzen\/\" \/>\n<meta property=\"og:site_name\" content=\"Emmys Kerzen\" \/>\n<meta property=\"article:publisher\" content=\"https:\/\/www.facebook.com\/EmmysKerzen\/\" \/>\n<meta property=\"article:published_time\" content=\"2026-08-07T13:44:33+00:00\" \/>\n<meta property=\"article:modified_time\" content=\"2026-08-07T13:45:25+00:00\" \/>\n<meta property=\"og:image\" content=\"https:\/\/emmyskerzen.com\/wp-content\/uploads\/2026\/07\/1F68BB31-36F6-4306-BCA7-E29D76978990.png\" \/>\n\t<meta property=\"og:image:width\" content=\"1086\" \/>\n\t<meta property=\"og:image:height\" content=\"1448\" \/>\n\t<meta property=\"og:image:type\" content=\"image\/png\" \/>\n<meta name=\"author\" content=\"Emmys Kerzen\" \/>\n<meta name=\"twitter:card\" content=\"summary_large_image\" \/>\n<meta name=\"twitter:label1\" content=\"Written by\" \/>\n\t<meta name=\"twitter:data1\" content=\"Emmys Kerzen\" \/>\n\t<meta name=\"twitter:label2\" content=\"Estimated reading time\" \/>\n\t<meta name=\"twitter:data2\" content=\"3 minutes\" \/>\n<script type=\"application\/ld+json\" class=\"yoast-schema-graph\">{\"@context\":\"https:\\\/\\\/schema.org\",\"@graph\":[{\"@type\":\"Article\",\"@id\":\"https:\\\/\\\/emmyskerzen.com\\\/herbstdeko-mit-herbstkerzen\\\/#article\",\"isPartOf\":{\"@id\":\"https:\\\/\\\/emmyskerzen.com\\\/herbstdeko-mit-herbstkerzen\\\/\"},\"author\":{\"name\":\"Emmys Kerzen\",\"@id\":\"https:\\\/\\\/emmyskerzen.com\\\/#\\\/schema\\\/person\\\/89dc1bf215e491530f2de1206e9291ad\"},\"headline\":\"Herbstdeko mit Herbstkerzen von Emmys Kerzen \ud83c\udf41\",\"datePublished\":\"2026-08-07T13:44:33+00:00\",\"dateModified\":\"2026-08-07T13:45:25+00:00\",\"mainEntityOfPage\":{\"@id\":\"https:\\\/\\\/emmyskerzen.com\\\/herbstdeko-mit-herbstkerzen\\\/\"},\"wordCount\":399,\"commentCount\":0,\"publisher\":{\"@id\":\"https:\\\/\\\/emmyskerzen.com\\\/#organization\"},\"image\":{\"@id\":\"https:\\\/\\\/emmyskerzen.com\\\/herbstdeko-mit-herbstkerzen\\\/#primaryimage\"},\"thumbnailUrl\":\"https:\\\/\\\/emmyskerzen.com\\\/wp-content\\\/uploads\\\/2026\\\/07\\\/1F68BB31-36F6-4306-BCA7-E29D76978990.png\",\"articleSection\":[\"Allgemein\"],\"inLanguage\":\"en-GB\",\"potentialAction\":[{\"@type\":\"CommentAction\",\"name\":\"Comment\",\"target\":[\"https:\\\/\\\/emmyskerzen.com\\\/herbstdeko-mit-herbstkerzen\\\/#respond\"]}]},{\"@type\":\"WebPage\",\"@id\":\"https:\\\/\\\/emmyskerzen.com\\\/herbstdeko-mit-herbstkerzen\\\/\",\"url\":\"https:\\\/\\\/emmyskerzen.com\\\/herbstdeko-mit-herbstkerzen\\\/\",\"name\":\"Herbstdeko mit Herbstkerzen von Emmys Kerzen \ud83c\udf41 - Emmys Kerzen\",\"isPartOf\":{\"@id\":\"https:\\\/\\\/emmyskerzen.com\\\/#website\"},\"primaryImageOfPage\":{\"@id\":\"https:\\\/\\\/emmyskerzen.com\\\/herbstdeko-mit-herbstkerzen\\\/#primaryimage\"},\"image\":{\"@id\":\"https:\\\/\\\/emmyskerzen.com\\\/herbstdeko-mit-herbstkerzen\\\/#primaryimage\"},\"thumbnailUrl\":\"https:\\\/\\\/emmyskerzen.com\\\/wp-content\\\/uploads\\\/2026\\\/07\\\/1F68BB31-36F6-4306-BCA7-E29D76978990.png\",\"datePublished\":\"2026-08-07T13:44:33+00:00\",\"dateModified\":\"2026-08-07T13:45:25+00:00\",\"description\":\"Entdecke handgemachte Herbstkerzen aus Sojawachs von Emmys Kerzen. Perfekt f\u00fcr gem\u00fctliche Herbstdeko oder als liebevolles Geschenk.\",\"breadcrumb\":{\"@id\":\"https:\\\/\\\/emmyskerzen.com\\\/herbstdeko-mit-herbstkerzen\\\/#breadcrumb\"},\"inLanguage\":\"en-GB\",\"potentialAction\":[{\"@type\":\"ReadAction\",\"target\":[\"https:\\\/\\\/emmyskerzen.com\\\/herbstdeko-mit-herbstkerzen\\\/\"]}]},{\"@type\":\"ImageObject\",\"inLanguage\":\"en-GB\",\"@id\":\"https:\\\/\\\/emmyskerzen.com\\\/herbstdeko-mit-herbstkerzen\\\/#primaryimage\",\"url\":\"https:\\\/\\\/emmyskerzen.com\\\/wp-content\\\/uploads\\\/2026\\\/07\\\/1F68BB31-36F6-4306-BCA7-E29D76978990.png\",\"contentUrl\":\"https:\\\/\\\/emmyskerzen.com\\\/wp-content\\\/uploads\\\/2026\\\/07\\\/1F68BB31-36F6-4306-BCA7-E29D76978990.png\",\"width\":1086,\"height\":1448},{\"@type\":\"BreadcrumbList\",\"@id\":\"https:\\\/\\\/emmyskerzen.com\\\/herbstdeko-mit-herbstkerzen\\\/#breadcrumb\",\"itemListElement\":[{\"@type\":\"ListItem\",\"position\":1,\"name\":\"Startseite\",\"item\":\"https:\\\/\\\/emmyskerzen.com\\\/\"},{\"@type\":\"ListItem\",\"position\":2,\"name\":\"Herbstdeko mit Herbstkerzen von Emmys Kerzen \ud83c\udf41\"}]},{\"@type\":\"WebSite\",\"@id\":\"https:\\\/\\\/emmyskerzen.com\\\/#website\",\"url\":\"https:\\\/\\\/emmyskerzen.com\\\/\",\"name\":\"Emmys Kerzen\",\"description\":\"Hochwertige handgemachte Kerzen aus \u00d6sterreich \u2013 perfekt als Geschenk oder f\u00fcr dein Zuhause. Jetzt entdecken!\",\"publisher\":{\"@id\":\"https:\\\/\\\/emmyskerzen.com\\\/#organization\"},\"potentialAction\":[{\"@type\":\"SearchAction\",\"target\":{\"@type\":\"EntryPoint\",\"urlTemplate\":\"https:\\\/\\\/emmyskerzen.com\\\/?s={search_term_string}\"},\"query-input\":{\"@type\":\"PropertyValueSpecification\",\"valueRequired\":true,\"valueName\":\"search_term_string\"}}],\"inLanguage\":\"en-GB\"},{\"@type\":\"Organization\",\"@id\":\"https:\\\/\\\/emmyskerzen.com\\\/#organization\",\"name\":\"Emmys Kerzen\",\"url\":\"https:\\\/\\\/emmyskerzen.com\\\/\",\"logo\":{\"@type\":\"ImageObject\",\"inLanguage\":\"en-GB\",\"@id\":\"https:\\\/\\\/emmyskerzen.com\\\/#\\\/schema\\\/logo\\\/image\\\/\",\"url\":\"https:\\\/\\\/emmyskerzen.com\\\/wp-content\\\/uploads\\\/2026\\\/03\\\/IMG_0392.jpeg\",\"contentUrl\":\"https:\\\/\\\/emmyskerzen.com\\\/wp-content\\\/uploads\\\/2026\\\/03\\\/IMG_0392.jpeg\",\"width\":964,\"height\":975,\"caption\":\"Emmys Kerzen\"},\"image\":{\"@id\":\"https:\\\/\\\/emmyskerzen.com\\\/#\\\/schema\\\/logo\\\/image\\\/\"},\"sameAs\":[\"https:\\\/\\\/www.facebook.com\\\/EmmysKerzen\\\/\",\"https:\\\/\\\/www.instagram.com\\\/emmys_kerzen\\\/\",\"https:\\\/\\\/www.tiktok.com\\\/emmys.kerzen\\\/\"]},{\"@type\":\"Person\",\"@id\":\"https:\\\/\\\/emmyskerzen.com\\\/#\\\/schema\\\/person\\\/89dc1bf215e491530f2de1206e9291ad\",\"name\":\"Emmys Kerzen\"}]}<\/script>\n<!-- \/ Yoast SEO plugin. -->","yoast_head_json":{"title":"Herbstdeko mit Herbstkerzen von Emmys Kerzen \ud83c\udf41 - Emmys Kerzen","description":"Entdecke handgemachte Herbstkerzen aus Sojawachs von Emmys Kerzen. Perfekt f\u00fcr gem\u00fctliche Herbstdeko oder als liebevolles Geschenk.","robots":{"index":"index","follow":"follow","max-snippet":"max-snippet:-1","max-image-preview":"max-image-preview:large","max-video-preview":"max-video-preview:-1"},"canonical":"https:\/\/emmyskerzen.com\/en\/herbstdeko-mit-herbstkerzen\/","og_locale":"en_GB","og_type":"article","og_title":"Herbstdeko mit Herbstkerzen von Emmys Kerzen \ud83c\udf41 - Emmys Kerzen","og_description":"Entdecke handgemachte Herbstkerzen aus Sojawachs von Emmys Kerzen. Perfekt f\u00fcr gem\u00fctliche Herbstdeko oder als liebevolles Geschenk.","og_url":"https:\/\/emmyskerzen.com\/en\/herbstdeko-mit-herbstkerzen\/","og_site_name":"Emmys Kerzen","article_publisher":"https:\/\/www.facebook.com\/EmmysKerzen\/","article_published_time":"2026-08-07T13:44:33+00:00","article_modified_time":"2026-08-07T13:45:25+00:00","og_image":[{"width":1086,"height":1448,"url":"https:\/\/emmyskerzen.com\/wp-content\/uploads\/2026\/07\/1F68BB31-36F6-4306-BCA7-E29D76978990.png","type":"image\/png"}],"author":"Emmys Kerzen","twitter_card":"summary_large_image","twitter_misc":{"Written by":"Emmys Kerzen","Estimated reading time":"3 minutes"},"schema":{"@context":"https:\/\/schema.org","@graph":[{"@type":"Article","@id":"https:\/\/emmyskerzen.com\/herbstdeko-mit-herbstkerzen\/#article","isPartOf":{"@id":"https:\/\/emmyskerzen.com\/herbstdeko-mit-herbstkerzen\/"},"author":{"name":"Emmys Kerzen","@id":"https:\/\/emmyskerzen.com\/#\/schema\/person\/89dc1bf215e491530f2de1206e9291ad"},"headline":"Herbstdeko mit Herbstkerzen von Emmys Kerzen \ud83c\udf41","datePublished":"2026-08-07T13:44:33+00:00","dateModified":"2026-08-07T13:45:25+00:00","mainEntityOfPage":{"@id":"https:\/\/emmyskerzen.com\/herbstdeko-mit-herbstkerzen\/"},"wordCount":399,"commentCount":0,"publisher":{"@id":"https:\/\/emmyskerzen.com\/#organization"},"image":{"@id":"https:\/\/emmyskerzen.com\/herbstdeko-mit-herbstkerzen\/#primaryimage"},"thumbnailUrl":"https:\/\/emmyskerzen.com\/wp-content\/uploads\/2026\/07\/1F68BB31-36F6-4306-BCA7-E29D76978990.png","articleSection":["Allgemein"],"inLanguage":"en-GB","potentialAction":[{"@type":"CommentAction","name":"Comment","target":["https:\/\/emmyskerzen.com\/herbstdeko-mit-herbstkerzen\/#respond"]}]},{"@type":"WebPage","@id":"https:\/\/emmyskerzen.com\/herbstdeko-mit-herbstkerzen\/","url":"https:\/\/emmyskerzen.com\/herbstdeko-mit-herbstkerzen\/","name":"Herbstdeko mit Herbstkerzen von Emmys Kerzen \ud83c\udf41 - Emmys Kerzen","isPartOf":{"@id":"https:\/\/emmyskerzen.com\/#website"},"primaryImageOfPage":{"@id":"https:\/\/emmyskerzen.com\/herbstdeko-mit-herbstkerzen\/#primaryimage"},"image":{"@id":"https:\/\/emmyskerzen.com\/herbstdeko-mit-herbstkerzen\/#primaryimage"},"thumbnailUrl":"https:\/\/emmyskerzen.com\/wp-content\/uploads\/2026\/07\/1F68BB31-36F6-4306-BCA7-E29D76978990.png","datePublished":"2026-08-07T13:44:33+00:00","dateModified":"2026-08-07T13:45:25+00:00","description":"Entdecke handgemachte Herbstkerzen aus Sojawachs von Emmys Kerzen. Perfekt f\u00fcr gem\u00fctliche Herbstdeko oder als liebevolles Geschenk.","breadcrumb":{"@id":"https:\/\/emmyskerzen.com\/herbstdeko-mit-herbstkerzen\/#breadcrumb"},"inLanguage":"en-GB","potentialAction":[{"@type":"ReadAction","target":["https:\/\/emmyskerzen.com\/herbstdeko-mit-herbstkerzen\/"]}]},{"@type":"ImageObject","inLanguage":"en-GB","@id":"https:\/\/emmyskerzen.com\/herbstdeko-mit-herbstkerzen\/#primaryimage","url":"https:\/\/emmyskerzen.com\/wp-content\/uploads\/2026\/07\/1F68BB31-36F6-4306-BCA7-E29D76978990.png","contentUrl":"https:\/\/emmyskerzen.com\/wp-content\/uploads\/2026\/07\/1F68BB31-36F6-4306-BCA7-E29D76978990.png","width":1086,"height":1448},{"@type":"BreadcrumbList","@id":"https:\/\/emmyskerzen.com\/herbstdeko-mit-herbstkerzen\/#breadcrumb","itemListElement":[{"@type":"ListItem","position":1,"name":"Startseite","item":"https:\/\/emmyskerzen.com\/"},{"@type":"ListItem","position":2,"name":"Herbstdeko mit Herbstkerzen von Emmys Kerzen \ud83c\udf41"}]},{"@type":"WebSite","@id":"https:\/\/emmyskerzen.com\/#website","url":"https:\/\/emmyskerzen.com\/","name":"Emmys Kerzen","description":"Hochwertige handgemachte Kerzen aus \u00d6sterreich \u2013 perfekt als Geschenk oder f\u00fcr dein Zuhause. Jetzt entdecken!","publisher":{"@id":"https:\/\/emmyskerzen.com\/#organization"},"potentialAction":[{"@type":"SearchAction","target":{"@type":"EntryPoint","urlTemplate":"https:\/\/emmyskerzen.com\/?s={search_term_string}"},"query-input":{"@type":"PropertyValueSpecification","valueRequired":true,"valueName":"search_term_string"}}],"inLanguage":"en-GB"},{"@type":"Organization","@id":"https:\/\/emmyskerzen.com\/#organization","name":"Emmys Kerzen","url":"https:\/\/emmyskerzen.com\/","logo":{"@type":"ImageObject","inLanguage":"en-GB","@id":"https:\/\/emmyskerzen.com\/#\/schema\/logo\/image\/","url":"https:\/\/emmyskerzen.com\/wp-content\/uploads\/2026\/03\/IMG_0392.jpeg","contentUrl":"https:\/\/emmyskerzen.com\/wp-content\/uploads\/2026\/03\/IMG_0392.jpeg","width":964,"height":975,"caption":"Emmys Kerzen"},"image":{"@id":"https:\/\/emmyskerzen.com\/#\/schema\/logo\/image\/"},"sameAs":["https:\/\/www.facebook.com\/EmmysKerzen\/","https:\/\/www.instagram.com\/emmys_kerzen\/","https:\/\/www.tiktok.com\/emmys.kerzen\/"]},{"@type":"Person","@id":"https:\/\/emmyskerzen.com\/#\/schema\/person\/89dc1bf215e491530f2de1206e9291ad","name":"Emmys Kerzen"}]}},"_links":{"self":[{"href":"https:\/\/emmyskerzen.com\/en\/wp-json\/wp\/v2\/posts\/3584","targetHints":{"allow":["GET"]}}],"collection":[{"href":"https:\/\/emmyskerzen.com\/en\/wp-json\/wp\/v2\/posts"}],"about":[{"href":"https:\/\/emmyskerzen.com\/en\/wp-json\/wp\/v2\/types\/post"}],"author":[{"embeddable":true,"href":"https:\/\/emmyskerzen.com\/en\/wp-json\/wp\/v2\/users\/1"}],"replies":[{"embeddable":true,"href":"https:\/\/emmyskerzen.com\/en\/wp-json\/wp\/v2\/comments?post=3584"}],"version-history":[{"count":1,"href":"https:\/\/emmyskerzen.com\/en\/wp-json\/wp\/v2\/posts\/3584\/revisions"}],"predecessor-version":[{"id":3585,"href":"https:\/\/emmyskerzen.com\/en\/wp-json\/wp\/v2\/posts\/3584\/revisions\/3585"}],"wp:featuredmedia":[{"embeddable":true,"href":"https:\/\/emmyskerzen.com\/en\/wp-json\/wp\/v2\/media\/3416"}],"wp:attachment":[{"href":"https:\/\/emmyskerzen.com\/en\/wp-json\/wp\/v2\/media?parent=3584"}],"wp:term":[{"taxonomy":"category","embeddable":true,"href":"https:\/\/emmyskerzen.com\/en\/wp-json\/wp\/v2\/categories?post=3584"},{"taxonomy":"post_tag","embeddable":true,"href":"https:\/\/emmyskerzen.com\/en\/wp-json\/wp\/v2\/tags?post=3584"}],"curies":[{"name":"wp","href":"https:\/\/api.w.org\/{rel}","templated":true}]}}