{"id":3565,"date":"2026-08-04T10:48:07","date_gmt":"2026-08-04T08:48:07","guid":{"rendered":"https:\/\/emmyskerzen.com\/?p=3565"},"modified":"2026-08-04T11:16:56","modified_gmt":"2026-08-04T09:16:56","slug":"warum-hitzebestaendige-glaeser-bei-kerzen-wichtig-sind","status":"publish","type":"post","link":"https:\/\/emmyskerzen.com\/en\/warum-hitzebestaendige-glaeser-bei-kerzen-wichtig-sind\/","title":{"rendered":"Sicherheit geht vor \ud83d\udd6f\ufe0f"},"content":{"rendered":"<h1 class=\"wp-block-heading has-contrast-2-color has-text-color has-link-color has-large-font-size wp-elements-1\"><strong>Warum hitzebest\u00e4ndige Gl\u00e4ser bei Kerzen so wichtig sind<\/strong>:<\/h1>\n\n\n\n<p class=\"has-contrast-2-color has-text-color has-link-color wp-elements-2 wp-block-paragraph\">Kerzen sollen f\u00fcr W\u00e4rme, Gem\u00fctlichkeit und entspannte Momente sorgen. Dabei z\u00e4hlt aber nicht nur, wie sch\u00f6n eine Kerze aussieht oder wie angenehm sie duftet. Besonders wichtig ist auch der Beh\u00e4lter, in dem sie abgebrannt wird.<\/p>\n\n\n\n<p class=\"has-contrast-2-color has-text-color has-link-color wp-elements-3 wp-block-paragraph\"><strong>Deshalb verwende ich f\u00fcr meine Kerzen ausschlie\u00dflich Gl\u00e4ser und Beh\u00e4lter, die ausdr\u00fccklich f\u00fcr die Verwendung mit Kerzen beziehungsweise f\u00fcr hohe Temperaturen geeignet sind.<\/strong><\/p>\n\n\n\n<h1 class=\"wp-block-heading has-contrast-2-color has-text-color has-link-color has-medium-font-size wp-elements-4\"><strong>Nicht jedes sch\u00f6ne Glas eignet sich als Kerzenglas<\/strong><\/h1>\n\n\n\n<p class=\"has-contrast-2-color has-text-color has-link-color wp-elements-5 wp-block-paragraph\">In sozialen Medien sieht man immer wieder wundersch\u00f6ne Gl\u00e4ser, Schalen und dekorative Beh\u00e4lter, die mit Wachs bef\u00fcllt werden. Doch ein ansprechendes Design bedeutet nicht automatisch, dass das Gef\u00e4\u00df auch f\u00fcr eine brennende Kerze geeignet ist.<\/p>\n\n\n\n<p class=\"has-contrast-2-color has-text-color has-link-color wp-elements-6 wp-block-paragraph\">Normale Trinkgl\u00e4ser, Dekogl\u00e4ser oder nicht n\u00e4her gekennzeichnete Beh\u00e4lter wurden h\u00e4ufig nicht daf\u00fcr hergestellt, \u00fcber l\u00e4ngere Zeit der W\u00e4rme einerKerzenflamme ausgesetzt zu sein.<\/p>\n\n\n\n<p class=\"has-contrast-2-color has-text-color has-link-color wp-elements-7 wp-block-paragraph\">Beim Abbrennen entsteht rund um den Docht kontinuierlich Hitze. Dadurch erw\u00e4rmt sich nicht nur das Wachs, sondern nach und nach auch das gesamte Gef\u00e4\u00df.<\/p>\n\n\n\n<p class=\"has-contrast-2-color has-text-color has-link-color wp-elements-8 wp-block-paragraph\"><strong>Was kann bei ungeeigneten Gl\u00e4sern passieren?<\/strong><\/p>\n\n\n\n<p class=\"has-contrast-2-color has-text-color has-link-color wp-elements-9 wp-block-paragraph\">Ein nicht hitzebest\u00e4ndiges Glas kann durch die Erw\u00e4rmung und durch Temperaturunterschiede stark belastet werden. Besonders kritisch wird es, wenn einzelne Stellen deutlich hei\u00dfer werden als andere.<\/p>\n\n\n\n<p class=\"has-contrast-2-color has-text-color has-link-color wp-elements-10 wp-block-paragraph\"><em>M\u00f6gliche Folgen sind:<\/em><\/p>\n\n\n\n<ul class=\"wp-block-list\">\n<li class=\"has-contrast-2-color has-text-color has-link-color wp-elements-11\">feine Risse im Glas<\/li>\n\n\n\n<li class=\"has-contrast-2-color has-text-color has-link-color wp-elements-12\">pl\u00f6tzliches Springen oder Brechen<\/li>\n\n\n\n<li class=\"has-contrast-2-color has-text-color has-link-color wp-elements-13\">auslaufendes, hei\u00dfes Wachs<\/li>\n\n\n\n<li class=\"has-contrast-2-color has-text-color has-link-color wp-elements-14\">Besch\u00e4digungen an M\u00f6beln oder Oberfl\u00e4chen<\/li>\n\n\n\n<li class=\"has-contrast-2-color has-text-color has-link-color wp-elements-15\">ein erh\u00f6htes Sicherheitsrisiko beim Abbrennen<\/li>\n<\/ul>\n\n\n\n<p class=\"has-contrast-2-color has-text-color has-link-color wp-elements-16 wp-block-paragraph\">Auch wenn ein Glas bei den ersten Anwendungen unauff\u00e4llig bleibt, bedeutet das nicht automatisch, dass es dauerhaft f\u00fcr Kerzen geeignet ist.<\/p>\n\n\n\n<h1 class=\"wp-block-heading has-contrast-2-color has-text-color has-link-color has-medium-font-size wp-elements-17\"><strong>Hitzebest\u00e4ndig bedeutet mehr Sicherheit<\/strong><\/h1>\n\n\n\n<p class=\"has-contrast-2-color has-text-color has-link-color wp-elements-18 wp-block-paragraph\">F\u00fcr Kerzen geeignete Beh\u00e4lter sind daf\u00fcr vorgesehen, die beim Abbrennen entstehende W\u00e4rme besser auszuhalten.<\/p>\n\n\n\n<p class=\"has-contrast-2-color has-text-color has-link-color wp-elements-19 wp-block-paragraph\">Dabei kommt es nicht nur auf das Glas selbst an. Auch die Gr\u00f6\u00dfe des Gef\u00e4\u00dfes, die Wandst\u00e4rke, die Anzahl und Position der Dochte sowie das verwendete Wachs beeinflussen die W\u00e4rmeentwicklung.<\/p>\n\n\n\n<p class=\"has-contrast-2-color has-text-color has-link-color wp-elements-20 wp-block-paragraph\"><em>Deshalb wird eine sichere Kerze immer als Gesamtsystem betrachtet:<\/em><\/p>\n\n\n\n<p class=\"has-contrast-2-color has-text-color has-link-color wp-elements-21 wp-block-paragraph\">\u2022 sorgf\u00e4ltig durchgef\u00fchrte Brenntests<br>\u2022 passender, hitzebest\u00e4ndiger Beh\u00e4lter<br>\u2022 geeigneter Docht<br>\u2022 richtig abgestimmte Dochtgr\u00f6\u00dfe<br>\u2022 ausreichend Abstand zum Glasrand<br>\u2022 passende Wachssorte<\/p>\n\n\n\n<h1 class=\"wp-block-heading has-contrast-2-color has-text-color has-link-color has-medium-font-size wp-elements-22\"><strong>Warum ich bei Emmys Kerzen keine Kompromisse eingehe<\/strong><\/h1>\n\n\n\n<p class=\"has-contrast-2-color has-text-color has-link-color wp-elements-23 wp-block-paragraph\">Viele dekorative Gl\u00e4ser sehen wundersch\u00f6n aus. Trotzdem verwende ich sie nicht, wenn nicht eindeutig erkennbar ist, dass sie f\u00fcr Kerzen oder hohe Temperaturen geeignet sind.<\/p>\n\n\n\n<p class=\"has-contrast-2-color has-text-color has-link-color wp-elements-24 wp-block-paragraph\">Bei Emmys Kerzen steht die Sicherheit an erster Stelle. Deshalb nutze ich ausschlie\u00dflich entsprechend gekennzeichnete, hitzebest\u00e4ndige Gl\u00e4ser und geeignete Kerzenbeh\u00e4lter.<\/p>\n\n\n\n<p class=\"has-contrast-2-color has-text-color has-link-color wp-elements-25 wp-block-paragraph\">Denn eine Kerze soll nicht nur sch\u00f6n aussehen und angenehm duften. Sie soll auch mit einem guten Gef\u00fchl angez\u00fcndet werden k\u00f6nnen.<\/p>\n\n\n\n<h1 class=\"wp-block-heading has-contrast-2-color has-text-color has-link-color has-medium-font-size wp-elements-26\"><strong>Auch hitzebest\u00e4ndige Gl\u00e4ser brauchen einen sicheren Umgang<\/strong><\/h1>\n\n\n\n<p class=\"has-contrast-2-color has-text-color has-link-color wp-elements-27 wp-block-paragraph\">Ein geeigneter Beh\u00e4lter ersetzt nicht die allgemeinen Sicherheitshinweise f\u00fcr Kerzen.<\/p>\n\n\n\n<p class=\"has-contrast-2-color has-text-color has-link-color wp-elements-28 wp-block-paragraph\"><em>Bitte beachte beim Abbrennen:<\/em><br>Verwende ein besch\u00e4digtes oder gesprungenes Glas nicht weiter.<br><br>Lass eine brennende Kerze niemals unbeaufsichtigt.<\/p>\n\n\n\n<p class=\"has-contrast-2-color has-text-color has-link-color wp-elements-29 wp-block-paragraph\">Stelle sie immer auf eine stabile und hitzebest\u00e4ndige Unterlage.<\/p>\n\n\n\n<p class=\"has-contrast-2-color has-text-color has-link-color wp-elements-30 wp-block-paragraph\">Halte Abstand zu Vorh\u00e4ngen, Papier und anderen brennbaren Materialien.<\/p>\n\n\n\n<p class=\"has-contrast-2-color has-text-color has-link-color wp-elements-31 wp-block-paragraph\">K\u00fcrze den Docht vor jedem Anz\u00fcnden auf etwa f\u00fcnf Millimeter.<\/p>\n\n\n\n<p class=\"has-contrast-2-color has-text-color has-link-color wp-elements-32 wp-block-paragraph\">Bewege das Gef\u00e4\u00df nicht, solange das Wachs fl\u00fcssig oder das Glas hei\u00df ist.<\/p>\n\n\n\n<p class=\"has-contrast-2-color has-text-color has-link-color wp-elements-33 wp-block-paragraph\">Lass die Kerze nicht vollst\u00e4ndig bis zum Glasboden abbrennen.<\/p>\n\n\n\n<h1 class=\"wp-block-heading has-contrast-2-color has-text-color has-link-color has-medium-font-size wp-elements-34\"><strong>Qualit\u00e4t beginnt beim Beh\u00e4lter<\/strong><\/h1>\n\n\n\n<p class=\"has-contrast-2-color has-text-color has-link-color wp-elements-35 wp-block-paragraph\">Bei einer hochwertigen Kerze kommt es auf viele Details an. Das Glas ist dabei weit mehr als nur eine sch\u00f6ne Verpackung. Es ist ein wichtiger Bestandteil der Kerze und muss zur entstehenden W\u00e4rme, zum Wachs und zum Docht passen.<\/p>\n\n\n\n<p class=\"has-contrast-2-color has-text-color has-link-color wp-elements-36 wp-block-paragraph\">Genau deshalb w\u00e4hle ich meine Kerzenbeh\u00e4lter nicht nur nach dem Aussehen aus. F\u00fcr meine Kerzen verwende ich ausschlie\u00dflich geeignete und gekennzeichnet hitzebest\u00e4ndige Beh\u00e4lter.<\/p>\n\n\n\n<p class=\"has-contrast-2-color has-text-color has-link-color wp-elements-37 wp-block-paragraph\">Denn Sch\u00f6nheit ist wichtig \u2013 Sicherheit hat jedoch immer oberste Priorit\u00e4t.<\/p>\n\n\n\n<p class=\"has-text-align-center has-contrast-2-color has-base-2-background-color has-text-color has-background has-link-color wp-elements-38 wp-block-paragraph\"><br><a href=\"https:\/\/emmyskerzen.com\/en\/shop\/?fbclid=PAVERFWATeim9wZG9mAmV4dG4DYWVtAjEwAHNydGMGYXBwX2lkDzEyNDAyNDU3NDI4NzQxNAABpwFkzRw9TfJWrVjGnE8KNw43_J8Y9J4jF9gD1mhXCM3jDbBv8PyR2GY4Dyzy_aem_V1sUwcmLDzpvrDmySC1Ccg\"><strong>Entdecke meine handgemachten Kerzen aus Sojawachs \u2013 sorgf\u00e4ltig gefertigt, getestet und ausschlie\u00dflich in geeigneten hitzebest\u00e4ndigen Beh\u00e4ltern.<\/strong><br><\/a><br><br><\/p>\n\n\n\n<p class=\"wp-block-paragraph\"><\/p>","protected":false},"excerpt":{"rendered":"<p>Warum hitzebest\u00e4ndige Gl\u00e4ser bei Kerzen so wichtig sind: Kerzen sollen f\u00fcr W\u00e4rme, Gem\u00fctlichkeit und entspannte Momente sorgen. Dabei z\u00e4hlt aber nicht nur, wie sch\u00f6n eine Kerze aussieht oder wie angenehm sie duftet. Besonders wichtig ist auch der Beh\u00e4lter, in dem sie abgebrannt wird. Deshalb verwende ich f\u00fcr meine Kerzen ausschlie\u00dflich Gl\u00e4ser und Beh\u00e4lter, die ausdr\u00fccklich [&hellip;]<\/p>\n","protected":false},"author":1,"featured_media":3579,"comment_status":"open","ping_status":"closed","sticky":false,"template":"","format":"standard","meta":{"footnotes":""},"categories":[1],"tags":[],"class_list":["post-3565","post","type-post","status-publish","format-standard","has-post-thumbnail","hentry","category-allgemein"],"yoast_head":"<!-- This site is optimized with the Yoast SEO plugin v28.4 - https:\/\/yoast.com\/product\/yoast-seo-wordpress\/ -->\n<title>Sicherheit geht vor \ud83d\udd6f\ufe0f - Emmys Kerzen<\/title>\n<meta name=\"description\" content=\"Warum ist nicht jedes Glas f\u00fcr Kerzen geeignet? Erfahre, weshalb hitzebest\u00e4ndige Kerzengl\u00e4ser wichtig sind und worauf ich achte!\" \/>\n<meta name=\"robots\" content=\"index, follow, max-snippet:-1, max-image-preview:large, max-video-preview:-1\" \/>\n<link rel=\"canonical\" href=\"https:\/\/emmyskerzen.com\/en\/warum-hitzebestaendige-glaeser-bei-kerzen-wichtig-sind\/\" \/>\n<meta property=\"og:locale\" content=\"en_GB\" \/>\n<meta property=\"og:type\" content=\"article\" \/>\n<meta property=\"og:title\" content=\"Sicherheit geht vor \ud83d\udd6f\ufe0f - Emmys Kerzen\" \/>\n<meta property=\"og:description\" content=\"Warum ist nicht jedes Glas f\u00fcr Kerzen geeignet? Erfahre, weshalb hitzebest\u00e4ndige Kerzengl\u00e4ser wichtig sind und worauf ich achte!\" \/>\n<meta property=\"og:url\" content=\"https:\/\/emmyskerzen.com\/en\/warum-hitzebestaendige-glaeser-bei-kerzen-wichtig-sind\/\" \/>\n<meta property=\"og:site_name\" content=\"Emmys Kerzen\" \/>\n<meta property=\"article:publisher\" content=\"https:\/\/www.facebook.com\/EmmysKerzen\/\" \/>\n<meta property=\"article:published_time\" content=\"2026-08-04T08:48:07+00:00\" \/>\n<meta property=\"article:modified_time\" content=\"2026-08-04T09:16:56+00:00\" \/>\n<meta property=\"og:image\" content=\"https:\/\/emmyskerzen.com\/wp-content\/uploads\/2026\/08\/IMG_9810.jpeg\" \/>\n\t<meta property=\"og:image:width\" content=\"1206\" \/>\n\t<meta property=\"og:image:height\" content=\"1431\" \/>\n\t<meta property=\"og:image:type\" content=\"image\/jpeg\" \/>\n<meta name=\"author\" content=\"Emmys Kerzen\" \/>\n<meta name=\"twitter:card\" content=\"summary_large_image\" \/>\n<meta name=\"twitter:label1\" content=\"Written by\" \/>\n\t<meta name=\"twitter:data1\" content=\"Emmys Kerzen\" \/>\n\t<meta name=\"twitter:label2\" content=\"Estimated reading time\" \/>\n\t<meta name=\"twitter:data2\" content=\"4 minutes\" \/>\n<script type=\"application\/ld+json\" class=\"yoast-schema-graph\">{\"@context\":\"https:\\\/\\\/schema.org\",\"@graph\":[{\"@type\":\"Article\",\"@id\":\"https:\\\/\\\/emmyskerzen.com\\\/warum-hitzebestaendige-glaeser-bei-kerzen-wichtig-sind\\\/#article\",\"isPartOf\":{\"@id\":\"https:\\\/\\\/emmyskerzen.com\\\/warum-hitzebestaendige-glaeser-bei-kerzen-wichtig-sind\\\/\"},\"author\":{\"name\":\"Emmys Kerzen\",\"@id\":\"https:\\\/\\\/emmyskerzen.com\\\/#\\\/schema\\\/person\\\/89dc1bf215e491530f2de1206e9291ad\"},\"headline\":\"Sicherheit geht vor \ud83d\udd6f\ufe0f\",\"datePublished\":\"2026-08-04T08:48:07+00:00\",\"dateModified\":\"2026-08-04T09:16:56+00:00\",\"mainEntityOfPage\":{\"@id\":\"https:\\\/\\\/emmyskerzen.com\\\/warum-hitzebestaendige-glaeser-bei-kerzen-wichtig-sind\\\/\"},\"wordCount\":655,\"commentCount\":0,\"publisher\":{\"@id\":\"https:\\\/\\\/emmyskerzen.com\\\/#organization\"},\"image\":{\"@id\":\"https:\\\/\\\/emmyskerzen.com\\\/warum-hitzebestaendige-glaeser-bei-kerzen-wichtig-sind\\\/#primaryimage\"},\"thumbnailUrl\":\"https:\\\/\\\/emmyskerzen.com\\\/wp-content\\\/uploads\\\/2026\\\/08\\\/IMG_9810.jpeg\",\"articleSection\":[\"Allgemein\"],\"inLanguage\":\"en-GB\",\"potentialAction\":[{\"@type\":\"CommentAction\",\"name\":\"Comment\",\"target\":[\"https:\\\/\\\/emmyskerzen.com\\\/warum-hitzebestaendige-glaeser-bei-kerzen-wichtig-sind\\\/#respond\"]}]},{\"@type\":\"WebPage\",\"@id\":\"https:\\\/\\\/emmyskerzen.com\\\/warum-hitzebestaendige-glaeser-bei-kerzen-wichtig-sind\\\/\",\"url\":\"https:\\\/\\\/emmyskerzen.com\\\/warum-hitzebestaendige-glaeser-bei-kerzen-wichtig-sind\\\/\",\"name\":\"Sicherheit geht vor \ud83d\udd6f\ufe0f - Emmys Kerzen\",\"isPartOf\":{\"@id\":\"https:\\\/\\\/emmyskerzen.com\\\/#website\"},\"primaryImageOfPage\":{\"@id\":\"https:\\\/\\\/emmyskerzen.com\\\/warum-hitzebestaendige-glaeser-bei-kerzen-wichtig-sind\\\/#primaryimage\"},\"image\":{\"@id\":\"https:\\\/\\\/emmyskerzen.com\\\/warum-hitzebestaendige-glaeser-bei-kerzen-wichtig-sind\\\/#primaryimage\"},\"thumbnailUrl\":\"https:\\\/\\\/emmyskerzen.com\\\/wp-content\\\/uploads\\\/2026\\\/08\\\/IMG_9810.jpeg\",\"datePublished\":\"2026-08-04T08:48:07+00:00\",\"dateModified\":\"2026-08-04T09:16:56+00:00\",\"description\":\"Warum ist nicht jedes Glas f\u00fcr Kerzen geeignet? Erfahre, weshalb hitzebest\u00e4ndige Kerzengl\u00e4ser wichtig sind und worauf ich achte!\",\"breadcrumb\":{\"@id\":\"https:\\\/\\\/emmyskerzen.com\\\/warum-hitzebestaendige-glaeser-bei-kerzen-wichtig-sind\\\/#breadcrumb\"},\"inLanguage\":\"en-GB\",\"potentialAction\":[{\"@type\":\"ReadAction\",\"target\":[\"https:\\\/\\\/emmyskerzen.com\\\/warum-hitzebestaendige-glaeser-bei-kerzen-wichtig-sind\\\/\"]}]},{\"@type\":\"ImageObject\",\"inLanguage\":\"en-GB\",\"@id\":\"https:\\\/\\\/emmyskerzen.com\\\/warum-hitzebestaendige-glaeser-bei-kerzen-wichtig-sind\\\/#primaryimage\",\"url\":\"https:\\\/\\\/emmyskerzen.com\\\/wp-content\\\/uploads\\\/2026\\\/08\\\/IMG_9810.jpeg\",\"contentUrl\":\"https:\\\/\\\/emmyskerzen.com\\\/wp-content\\\/uploads\\\/2026\\\/08\\\/IMG_9810.jpeg\",\"width\":1206,\"height\":1431,\"caption\":\"Screenshot\"},{\"@type\":\"BreadcrumbList\",\"@id\":\"https:\\\/\\\/emmyskerzen.com\\\/warum-hitzebestaendige-glaeser-bei-kerzen-wichtig-sind\\\/#breadcrumb\",\"itemListElement\":[{\"@type\":\"ListItem\",\"position\":1,\"name\":\"Startseite\",\"item\":\"https:\\\/\\\/emmyskerzen.com\\\/\"},{\"@type\":\"ListItem\",\"position\":2,\"name\":\"Sicherheit geht vor \ud83d\udd6f\ufe0f\"}]},{\"@type\":\"WebSite\",\"@id\":\"https:\\\/\\\/emmyskerzen.com\\\/#website\",\"url\":\"https:\\\/\\\/emmyskerzen.com\\\/\",\"name\":\"Emmys Kerzen\",\"description\":\"Hochwertige handgemachte Kerzen aus \u00d6sterreich \u2013 perfekt als Geschenk oder f\u00fcr dein Zuhause. Jetzt entdecken!\",\"publisher\":{\"@id\":\"https:\\\/\\\/emmyskerzen.com\\\/#organization\"},\"potentialAction\":[{\"@type\":\"SearchAction\",\"target\":{\"@type\":\"EntryPoint\",\"urlTemplate\":\"https:\\\/\\\/emmyskerzen.com\\\/?s={search_term_string}\"},\"query-input\":{\"@type\":\"PropertyValueSpecification\",\"valueRequired\":true,\"valueName\":\"search_term_string\"}}],\"inLanguage\":\"en-GB\"},{\"@type\":\"Organization\",\"@id\":\"https:\\\/\\\/emmyskerzen.com\\\/#organization\",\"name\":\"Emmys Kerzen\",\"url\":\"https:\\\/\\\/emmyskerzen.com\\\/\",\"logo\":{\"@type\":\"ImageObject\",\"inLanguage\":\"en-GB\",\"@id\":\"https:\\\/\\\/emmyskerzen.com\\\/#\\\/schema\\\/logo\\\/image\\\/\",\"url\":\"https:\\\/\\\/emmyskerzen.com\\\/wp-content\\\/uploads\\\/2026\\\/03\\\/IMG_0392.jpeg\",\"contentUrl\":\"https:\\\/\\\/emmyskerzen.com\\\/wp-content\\\/uploads\\\/2026\\\/03\\\/IMG_0392.jpeg\",\"width\":964,\"height\":975,\"caption\":\"Emmys Kerzen\"},\"image\":{\"@id\":\"https:\\\/\\\/emmyskerzen.com\\\/#\\\/schema\\\/logo\\\/image\\\/\"},\"sameAs\":[\"https:\\\/\\\/www.facebook.com\\\/EmmysKerzen\\\/\",\"https:\\\/\\\/www.instagram.com\\\/emmys_kerzen\\\/\",\"https:\\\/\\\/www.tiktok.com\\\/emmys.kerzen\\\/\"]},{\"@type\":\"Person\",\"@id\":\"https:\\\/\\\/emmyskerzen.com\\\/#\\\/schema\\\/person\\\/89dc1bf215e491530f2de1206e9291ad\",\"name\":\"Emmys Kerzen\"}]}<\/script>\n<!-- \/ Yoast SEO plugin. -->","yoast_head_json":{"title":"Sicherheit geht vor \ud83d\udd6f\ufe0f - Emmys Kerzen","description":"Warum ist nicht jedes Glas f\u00fcr Kerzen geeignet? Erfahre, weshalb hitzebest\u00e4ndige Kerzengl\u00e4ser wichtig sind und worauf ich achte!","robots":{"index":"index","follow":"follow","max-snippet":"max-snippet:-1","max-image-preview":"max-image-preview:large","max-video-preview":"max-video-preview:-1"},"canonical":"https:\/\/emmyskerzen.com\/en\/warum-hitzebestaendige-glaeser-bei-kerzen-wichtig-sind\/","og_locale":"en_GB","og_type":"article","og_title":"Sicherheit geht vor \ud83d\udd6f\ufe0f - Emmys Kerzen","og_description":"Warum ist nicht jedes Glas f\u00fcr Kerzen geeignet? Erfahre, weshalb hitzebest\u00e4ndige Kerzengl\u00e4ser wichtig sind und worauf ich achte!","og_url":"https:\/\/emmyskerzen.com\/en\/warum-hitzebestaendige-glaeser-bei-kerzen-wichtig-sind\/","og_site_name":"Emmys Kerzen","article_publisher":"https:\/\/www.facebook.com\/EmmysKerzen\/","article_published_time":"2026-08-04T08:48:07+00:00","article_modified_time":"2026-08-04T09:16:56+00:00","og_image":[{"width":1206,"height":1431,"url":"https:\/\/emmyskerzen.com\/wp-content\/uploads\/2026\/08\/IMG_9810.jpeg","type":"image\/jpeg"}],"author":"Emmys Kerzen","twitter_card":"summary_large_image","twitter_misc":{"Written by":"Emmys Kerzen","Estimated reading time":"4 minutes"},"schema":{"@context":"https:\/\/schema.org","@graph":[{"@type":"Article","@id":"https:\/\/emmyskerzen.com\/warum-hitzebestaendige-glaeser-bei-kerzen-wichtig-sind\/#article","isPartOf":{"@id":"https:\/\/emmyskerzen.com\/warum-hitzebestaendige-glaeser-bei-kerzen-wichtig-sind\/"},"author":{"name":"Emmys Kerzen","@id":"https:\/\/emmyskerzen.com\/#\/schema\/person\/89dc1bf215e491530f2de1206e9291ad"},"headline":"Sicherheit geht vor \ud83d\udd6f\ufe0f","datePublished":"2026-08-04T08:48:07+00:00","dateModified":"2026-08-04T09:16:56+00:00","mainEntityOfPage":{"@id":"https:\/\/emmyskerzen.com\/warum-hitzebestaendige-glaeser-bei-kerzen-wichtig-sind\/"},"wordCount":655,"commentCount":0,"publisher":{"@id":"https:\/\/emmyskerzen.com\/#organization"},"image":{"@id":"https:\/\/emmyskerzen.com\/warum-hitzebestaendige-glaeser-bei-kerzen-wichtig-sind\/#primaryimage"},"thumbnailUrl":"https:\/\/emmyskerzen.com\/wp-content\/uploads\/2026\/08\/IMG_9810.jpeg","articleSection":["Allgemein"],"inLanguage":"en-GB","potentialAction":[{"@type":"CommentAction","name":"Comment","target":["https:\/\/emmyskerzen.com\/warum-hitzebestaendige-glaeser-bei-kerzen-wichtig-sind\/#respond"]}]},{"@type":"WebPage","@id":"https:\/\/emmyskerzen.com\/warum-hitzebestaendige-glaeser-bei-kerzen-wichtig-sind\/","url":"https:\/\/emmyskerzen.com\/warum-hitzebestaendige-glaeser-bei-kerzen-wichtig-sind\/","name":"Sicherheit geht vor \ud83d\udd6f\ufe0f - Emmys Kerzen","isPartOf":{"@id":"https:\/\/emmyskerzen.com\/#website"},"primaryImageOfPage":{"@id":"https:\/\/emmyskerzen.com\/warum-hitzebestaendige-glaeser-bei-kerzen-wichtig-sind\/#primaryimage"},"image":{"@id":"https:\/\/emmyskerzen.com\/warum-hitzebestaendige-glaeser-bei-kerzen-wichtig-sind\/#primaryimage"},"thumbnailUrl":"https:\/\/emmyskerzen.com\/wp-content\/uploads\/2026\/08\/IMG_9810.jpeg","datePublished":"2026-08-04T08:48:07+00:00","dateModified":"2026-08-04T09:16:56+00:00","description":"Warum ist nicht jedes Glas f\u00fcr Kerzen geeignet? Erfahre, weshalb hitzebest\u00e4ndige Kerzengl\u00e4ser wichtig sind und worauf ich achte!","breadcrumb":{"@id":"https:\/\/emmyskerzen.com\/warum-hitzebestaendige-glaeser-bei-kerzen-wichtig-sind\/#breadcrumb"},"inLanguage":"en-GB","potentialAction":[{"@type":"ReadAction","target":["https:\/\/emmyskerzen.com\/warum-hitzebestaendige-glaeser-bei-kerzen-wichtig-sind\/"]}]},{"@type":"ImageObject","inLanguage":"en-GB","@id":"https:\/\/emmyskerzen.com\/warum-hitzebestaendige-glaeser-bei-kerzen-wichtig-sind\/#primaryimage","url":"https:\/\/emmyskerzen.com\/wp-content\/uploads\/2026\/08\/IMG_9810.jpeg","contentUrl":"https:\/\/emmyskerzen.com\/wp-content\/uploads\/2026\/08\/IMG_9810.jpeg","width":1206,"height":1431,"caption":"Screenshot"},{"@type":"BreadcrumbList","@id":"https:\/\/emmyskerzen.com\/warum-hitzebestaendige-glaeser-bei-kerzen-wichtig-sind\/#breadcrumb","itemListElement":[{"@type":"ListItem","position":1,"name":"Startseite","item":"https:\/\/emmyskerzen.com\/"},{"@type":"ListItem","position":2,"name":"Sicherheit geht vor \ud83d\udd6f\ufe0f"}]},{"@type":"WebSite","@id":"https:\/\/emmyskerzen.com\/#website","url":"https:\/\/emmyskerzen.com\/","name":"Emmys Kerzen","description":"Hochwertige handgemachte Kerzen aus \u00d6sterreich \u2013 perfekt als Geschenk oder f\u00fcr dein Zuhause. Jetzt entdecken!","publisher":{"@id":"https:\/\/emmyskerzen.com\/#organization"},"potentialAction":[{"@type":"SearchAction","target":{"@type":"EntryPoint","urlTemplate":"https:\/\/emmyskerzen.com\/?s={search_term_string}"},"query-input":{"@type":"PropertyValueSpecification","valueRequired":true,"valueName":"search_term_string"}}],"inLanguage":"en-GB"},{"@type":"Organization","@id":"https:\/\/emmyskerzen.com\/#organization","name":"Emmys Kerzen","url":"https:\/\/emmyskerzen.com\/","logo":{"@type":"ImageObject","inLanguage":"en-GB","@id":"https:\/\/emmyskerzen.com\/#\/schema\/logo\/image\/","url":"https:\/\/emmyskerzen.com\/wp-content\/uploads\/2026\/03\/IMG_0392.jpeg","contentUrl":"https:\/\/emmyskerzen.com\/wp-content\/uploads\/2026\/03\/IMG_0392.jpeg","width":964,"height":975,"caption":"Emmys Kerzen"},"image":{"@id":"https:\/\/emmyskerzen.com\/#\/schema\/logo\/image\/"},"sameAs":["https:\/\/www.facebook.com\/EmmysKerzen\/","https:\/\/www.instagram.com\/emmys_kerzen\/","https:\/\/www.tiktok.com\/emmys.kerzen\/"]},{"@type":"Person","@id":"https:\/\/emmyskerzen.com\/#\/schema\/person\/89dc1bf215e491530f2de1206e9291ad","name":"Emmys Kerzen"}]}},"_links":{"self":[{"href":"https:\/\/emmyskerzen.com\/en\/wp-json\/wp\/v2\/posts\/3565","targetHints":{"allow":["GET"]}}],"collection":[{"href":"https:\/\/emmyskerzen.com\/en\/wp-json\/wp\/v2\/posts"}],"about":[{"href":"https:\/\/emmyskerzen.com\/en\/wp-json\/wp\/v2\/types\/post"}],"author":[{"embeddable":true,"href":"https:\/\/emmyskerzen.com\/en\/wp-json\/wp\/v2\/users\/1"}],"replies":[{"embeddable":true,"href":"https:\/\/emmyskerzen.com\/en\/wp-json\/wp\/v2\/comments?post=3565"}],"version-history":[{"count":7,"href":"https:\/\/emmyskerzen.com\/en\/wp-json\/wp\/v2\/posts\/3565\/revisions"}],"predecessor-version":[{"id":3580,"href":"https:\/\/emmyskerzen.com\/en\/wp-json\/wp\/v2\/posts\/3565\/revisions\/3580"}],"wp:featuredmedia":[{"embeddable":true,"href":"https:\/\/emmyskerzen.com\/en\/wp-json\/wp\/v2\/media\/3579"}],"wp:attachment":[{"href":"https:\/\/emmyskerzen.com\/en\/wp-json\/wp\/v2\/media?parent=3565"}],"wp:term":[{"taxonomy":"category","embeddable":true,"href":"https:\/\/emmyskerzen.com\/en\/wp-json\/wp\/v2\/categories?post=3565"},{"taxonomy":"post_tag","embeddable":true,"href":"https:\/\/emmyskerzen.com\/en\/wp-json\/wp\/v2\/tags?post=3565"}],"curies":[{"name":"wp","href":"https:\/\/api.w.org\/{rel}","templated":true}]}}